{"id":1147,"date":"2022-07-06T11:37:00","date_gmt":"2022-07-06T11:37:00","guid":{"rendered":"https:\/\/www.rtvregional.cl\/web\/?p=1147"},"modified":"2022-07-12T15:37:58","modified_gmt":"2022-07-12T15:37:58","slug":"seremi-de-gobierno-solicita-al-consejo-regional-la-creacion-de-un-fondo-de-financiamiento-que-vaya-en-apoyo-de-los-medios-de-comunicacion-de-ohiggins","status":"publish","type":"post","link":"http:\/\/www.rtvregional.cl\/web\/2022\/07\/06\/seremi-de-gobierno-solicita-al-consejo-regional-la-creacion-de-un-fondo-de-financiamiento-que-vaya-en-apoyo-de-los-medios-de-comunicacion-de-ohiggins\/","title":{"rendered":"Seremi de Gobierno solicita al Consejo Regional la creaci\u00f3n de un fondo de financiamiento que vaya en apoyo de los medios de comunicaci\u00f3n de O\u2019Higgins"},"content":{"rendered":"\n<figure class=\"wp-block-gallery has-nested-images columns-default is-cropped wp-block-gallery-1 is-layout-flex wp-block-gallery-is-layout-flex\">\n<figure class=\"wp-block-image size-large\"><img loading=\"lazy\" decoding=\"async\" width=\"1024\" height=\"768\" data-id=\"1148\" src=\"https:\/\/www.rtvregional.cl\/web\/wp-content\/uploads\/2022\/07\/IMG-20220706-WA0009-1024x768.jpg\" alt=\"\" class=\"wp-image-1148\" srcset=\"http:\/\/www.rtvregional.cl\/web\/wp-content\/uploads\/2022\/07\/IMG-20220706-WA0009-1024x768.jpg 1024w, http:\/\/www.rtvregional.cl\/web\/wp-content\/uploads\/2022\/07\/IMG-20220706-WA0009-300x225.jpg 300w, http:\/\/www.rtvregional.cl\/web\/wp-content\/uploads\/2022\/07\/IMG-20220706-WA0009-768x576.jpg 768w, http:\/\/www.rtvregional.cl\/web\/wp-content\/uploads\/2022\/07\/IMG-20220706-WA0009-600x450.jpg 600w, http:\/\/www.rtvregional.cl\/web\/wp-content\/uploads\/2022\/07\/IMG-20220706-WA0009.jpg 1280w\" sizes=\"(max-width: 1024px) 100vw, 1024px\" \/><\/figure>\n<\/figure>\n\n\n\n<p>Patricia Torrealba, Seremi de Gobierno, acompa\u00f1a de los consejeros regionales, Mauricio Valderrama y Juan Pablo D\u00edaz, inform\u00f3 que oficiar\u00e1 formalmente al Gobierno Regional de O\u2019Higgins solicitando la creaci\u00f3n de una l\u00ednea de financiamiento que vaya en apoyo de los medios de comunicaci\u00f3n regionales de manera paralela al fondo entregado por el Segegob.<br>En la misma jornada el Consejo Regional adjudic\u00f3 los recursos del Fondo de Medios 2022, cifra que asciende 112. 699.823 millones de pesos con los que se financiar\u00e1n treinta y siete proyectos.<\/p>\n\n\n\n<p>Este mi\u00e9rcoles, la seremi de Gobierno, Patricia Torrealba, inform\u00f3 que solicitar\u00e1 formalmente al Consejo Regional, presidido por el Gobernador, Pablo Silva Amaya, la creaci\u00f3n de un fondo de medios de comunicaci\u00f3n regional, paralelo al existente entregado por el Ministerio de la Secretar\u00eda General de Gobierno, que vaya en apoyo econ\u00f3mico a los medios.<br>\u201cHoy d\u00eda el Fondo de Medios se hace insuficiente para poder ir en ayuda de los medios de comunicaci\u00f3n en la regi\u00f3n, por lo tanto vamos a llevar una petici\u00f3n al Gobierno Regional, al Gobernador, pidiendo que se pueda considerar crear una l\u00ednea de financiamiento para proyectos para mejorar las condiciones de los medios de comunicaci\u00f3n a nivel territorial\u201d se\u00f1al\u00f3 la vocera Patricia Torrealba.<br>Recordando que esta iniciativa fue un compromiso que estableci\u00f3 con los medios regionales en las mesas de trabajo conjunta que han sostenido. \u201cVamos a cumplir con una demanda muy sentida por los medios de comunicaci\u00f3n a nivel territorial\u201d, afirm\u00f3.<\/p>\n\n\n\n<p>El consejero regional y vicepresidente de la comisi\u00f3n social, Juan Pablo D\u00edaz, quien fue parte de la comisi\u00f3n evaluadora de los proyectos postulados al fondo de medios, sostuvo que, \u201cnuevamente nos dimos cuenta que el fondo no alcanz\u00f3 para poder apoyar a todos los proyectos que postularon al Fondo de Medios\u201d, por lo que, \u201cse hace s\u00faper necesario\u201d generar una l\u00ednea de financiamiento adicional.<br>En tanto su par, Mauricio Valderrama, reitera que \u201cel fondo de medios es importante pero es totalmente insuficiente, la cantidad de recursos que se dan no alcanzan a suplir la necesidad de los medios de comunicaci\u00f3n\u201d.<\/p>\n\n\n\n<p>\u201cY por eso creemos que otra l\u00ednea de car\u00e1cter concursable en donde permita establecer en base a proyectos, no a avisaje publicitario, permita que el desarrollo de los medios de comunicaci\u00f3n sea una situaci\u00f3n real\u201d, agrega.<br>Asimismo realza la importancia de cuidar y proteger a los medios regionales ya que \u201cla diversidad de voces es una riqueza para la democracia, si nosotros pensamos que queremos un Estado Regional tenemos que dar fuerza a las voces regionales\u201d, por lo que esta iniciativa, \u201cm\u00e1s que una voluntad, es una obligaci\u00f3n que tiene que tener el Gobierno Regional\u201d.<br>En la misma l\u00ednea, la seremi de Gobierno, enfatiza el rol que cumplen los medios regionales en la descentralizaci\u00f3n de la informaci\u00f3n, como tambi\u00e9n \u201cpara fortalecer la democracia en nuestro pa\u00eds\u201d.<\/p>\n\n\n\n<p>Consejo Regional aprueba la adjudicaci\u00f3n del Fondo de Medios<br>A las 13 horas de este mi\u00e9rcoles se realiz\u00f3 en consejo extraordinario la votaci\u00f3n en el Consejo Regional de la adjudicaci\u00f3n del Fondo de Medios concursable asignado por el Ministerio de la Secretar\u00eda General de Gobierno.<br>Por votaci\u00f3n un\u00e1nime los consejeros y consejeras regionales aprobaron la adjudicaci\u00f3n de los fondos seleccionados por la comisi\u00f3n evaluadora. En total los recursos entregados ascienden $112. 699.823 millones de pesos con los que se financiar\u00e1n treinta y siete proyectos.<\/p>\n","protected":false},"excerpt":{"rendered":"<p>Patricia Torrealba, Seremi de Gobierno, acompa\u00f1a de los consejeros regionales, Mauricio Valderrama y Juan Pablo D\u00edaz, inform\u00f3 que oficiar\u00e1 formalmente<\/p>\n","protected":false},"author":1,"featured_media":0,"comment_status":"open","ping_status":"open","sticky":false,"template":"","format":"standard","meta":{"footnotes":""},"categories":[13],"tags":[],"_links":{"self":[{"href":"http:\/\/www.rtvregional.cl\/web\/wp-json\/wp\/v2\/posts\/1147"}],"collection":[{"href":"http:\/\/www.rtvregional.cl\/web\/wp-json\/wp\/v2\/posts"}],"about":[{"href":"http:\/\/www.rtvregional.cl\/web\/wp-json\/wp\/v2\/types\/post"}],"author":[{"embeddable":true,"href":"http:\/\/www.rtvregional.cl\/web\/wp-json\/wp\/v2\/users\/1"}],"replies":[{"embeddable":true,"href":"http:\/\/www.rtvregional.cl\/web\/wp-json\/wp\/v2\/comments?post=1147"}],"version-history":[{"count":1,"href":"http:\/\/www.rtvregional.cl\/web\/wp-json\/wp\/v2\/posts\/1147\/revisions"}],"predecessor-version":[{"id":1149,"href":"http:\/\/www.rtvregional.cl\/web\/wp-json\/wp\/v2\/posts\/1147\/revisions\/1149"}],"wp:attachment":[{"href":"http:\/\/www.rtvregional.cl\/web\/wp-json\/wp\/v2\/media?parent=1147"}],"wp:term":[{"taxonomy":"category","embeddable":true,"href":"http:\/\/www.rtvregional.cl\/web\/wp-json\/wp\/v2\/categories?post=1147"},{"taxonomy":"post_tag","embeddable":true,"href":"http:\/\/www.rtvregional.cl\/web\/wp-json\/wp\/v2\/tags?post=1147"}],"curies":[{"name":"wp","href":"https:\/\/api.w.org\/{rel}","templated":true}]}}